{"id":6166,"date":"2020-05-14T03:37:02","date_gmt":"2020-05-14T00:37:02","guid":{"rendered":"https:\/\/eogrenme.ebyu.edu.tr\/?p=6166"},"modified":"2020-05-14T03:37:02","modified_gmt":"2020-05-14T00:37:02","slug":"yokten-universitelerdeki-sinavlarin-yuz-yuze-gerceklestirilmeyecegine-iliskin-karar%e2%80%8b-11-mayis-2020","status":"publish","type":"post","link":"https:\/\/eogrenme.ebyu.edu.tr\/?p=6166","title":{"rendered":"Y\u00d6K&#8217;TEN \u00dcN\u0130VERS\u0130TELERDEK\u0130 SINAVLARIN Y\u00dcZ Y\u00dcZE GER\u00c7EKLE\u015eT\u0130R\u0130LMEYECE\u011e\u0130NE \u0130L\u0130\u015eK\u0130N KARAR\u200b  (11 May\u0131s 2020)"},"content":{"rendered":"<p><img loading=\"lazy\" decoding=\"async\" class=\"aligncenter size-full wp-image-5872\" src=\"https:\/\/eogrenme.ebyu.edu.tr\/wp-content\/uploads\/2020\/04\/layout_set_logo-img_id1520536731601.png\" alt=\"\" width=\"152\" height=\"76\" srcset=\"https:\/\/eogrenme.ebyu.edu.tr\/wp-content\/uploads\/2020\/04\/layout_set_logo-img_id1520536731601.png 152w, https:\/\/eogrenme.ebyu.edu.tr\/wp-content\/uploads\/2020\/04\/layout_set_logo-img_id1520536731601-150x76.png 150w\" sizes=\"auto, (max-width: 152px) 100vw, 152px\" \/><\/p>\n<p style=\"text-align: center;\">Y\u00d6K&#8217;TEN \u00dcN\u0130VERS\u0130TELERDEK\u0130 SINAVLARIN Y\u00dcZ Y\u00dcZE GER\u00c7EKLE\u015eT\u0130R\u0130LMEYECE\u011e\u0130NE \u0130L\u0130\u015eK\u0130N KARAR\u200b<\/p>\n<p style=\"text-align: center;\">11 May\u0131s 2020 \/ Ankara<\/p>\n<p style=\"text-align: justify;\">Y\u00fcksek\u00f6\u011fretim Kurulunca (Y\u00d6K), \u00fcniversitelerde d\u00f6nem sonu s\u0131navlar\u0131 ile bu e\u011fitim ve \u00f6\u011fretim y\u0131l\u0131na ait di\u011fer s\u0131navlar\u0131n y\u00fcz y\u00fcze ger\u00e7ekle\u015ftirilmeyece\u011fi, \u00fcniversite yetkili kurullar\u0131nca tercih edilecek \u201cdijital imk\u00e2nlar&#8221; veya \u201c\u00f6dev, proje gibi alternatif y\u00f6ntemler uygulanarak&#8221; yap\u0131laca\u011f\u0131 bildirildi.<\/p>\n<p style=\"text-align: justify;\">&#8211; Salg\u0131n s\u00fcreci ve Sa\u011fl\u0131k Bakanl\u0131\u011f\u0131n\u0131n yaz\u0131s\u0131 de\u011ferlendirildi<\/p>\n<p style=\"text-align: justify;\">Y\u00d6K&#8217;ten \u00fcniversitelere g\u00f6nderilen &#8220;Covid-19 tedbirler&#8221; konulu yaz\u0131da, Sa\u011fl\u0131k Bakanl\u0131\u011f\u0131n\u0131n Y\u00d6K&#8217;e hitaben kaleme ald\u0131\u011f\u0131 &#8220;11 May\u0131s 2020 tarihli ve Covid-19 tedbirler&#8221; konulu yaz\u0131s\u0131ndaki \u015fu ifadelere yer verildi:<\/p>\n<p style=\"text-align: justify;\">&#8220;\u015eehirleraras\u0131 kitlesel \u00f6\u011frenci hareketleri, farkl\u0131 yerle\u015fim birimlerinden \u00f6\u011frencilerin bir araya gelmesi, \u00f6\u011frenci yurtlar\u0131n\u0131n yeniden faaliyete ge\u00e7mesi ve s\u0131nav ortamlar\u0131nda sosyal mesafeye uyulamamas\u0131 gibi durumlar\u0131n, kontrol alt\u0131na almakta oldu\u011fumuz pandemi mu\u0308cadelesinde \u00f6nlenemez bir risk olu\u015fturaca\u011f\u0131 g\u00f6ru\u0308lmektedir. 2019-2020 e\u011fitim y\u0131l\u0131n\u0131n bu tu\u0308r risklere meydan vermeden tamamlanmas\u0131 gerekmektedir. Yu\u0308ksek\u00f6\u011fretim Kurulunun daha \u00f6nce \u00f6rgu\u0308n e\u011fitim yap\u0131lan programlarda uzaktan e\u011fitim yap\u0131lmas\u0131 ve ara s\u0131navlara ili\u015fkin alm\u0131\u015f oldu\u011fu kararlara paralel olarak, d\u00f6nem sonu s\u0131navlar\u0131 ile bu e\u011fitim y\u0131l\u0131na ait di\u011fer s\u0131navlar\u0131n da \u00e7evirim i\u00e7i veya alternatif \u00f6l\u00e7me-de\u011ferlendirme y\u00f6ntemleri uygulanarak yap\u0131lmas\u0131 \u00f6nem arz etmektedir.&#8221;<\/p>\n<p style=\"text-align: justify;\">&#8211; \u201cG\u00fc\u00e7l\u00fc koordinasyon, \u00e7evik y\u00f6netim, esnek kararlar, yetki devri&#8221;<\/p>\n<p style=\"text-align: justify;\">Yaz\u0131da, Y\u00fcksek\u00f6\u011fretim Kurulu taraf\u0131ndan ba\u015flang\u0131c\u0131ndan itibaren Covid-19 k\u00fcresel salg\u0131n\u0131 ile ilgili \u00f6zellikle y\u00fcksek\u00f6\u011fretim alan\u0131nda yurt i\u00e7i ve yurt d\u0131\u015f\u0131 geli\u015fmelerin yak\u0131ndan takip edildi\u011fi vurguland\u0131.<\/p>\n<p style=\"text-align: justify;\">Bu ba\u011flamda 23 Mart 2020 itibar\u0131yla dijital ortamda e\u011fitime ge\u00e7ildi\u011fi, vaka say\u0131lar\u0131n\u0131n da takip edilerek, s\u00fcre\u00e7te y\u00fcksek\u00f6\u011fretim kurumlar\u0131na teorik ve akabinde uygulamal\u0131 e\u011fitimlere y\u00f6nelik olarak kendi altyap\u0131 imk\u00e2nlar\u0131, ilgili program\u0131n kazan\u0131mlar\u0131 ve \u00f6\u011frenci say\u0131lar\u0131n\u0131 da g\u00f6z \u00f6n\u00fcnde bulundurarak, kendi tedbirlerini almalar\u0131 y\u00f6n\u00fcnde g\u00fc\u00e7l\u00fc koordinasyon, \u00e7evik y\u00f6netim, esnek kararlar, yetki devri gibi esaslar \u00e7er\u00e7evesinde bir hareket zemini olu\u015fturuldu\u011fu aktar\u0131ld\u0131.<\/p>\n<p style=\"text-align: justify;\">Yaz\u0131da, s\u0131navlara y\u00f6nelik olarak da \u00fcniversitelerin \u00e7o\u011funun dijital imk\u00e2nlar ile \u00e7evirim i\u00e7i ortam ba\u015fta olmak \u00fczere farkl\u0131 yollara ili\u015fkin planlamalar\u0131n\u0131 yapt\u0131\u011f\u0131 belirtildi.<\/p>\n<p style=\"text-align: justify;\">&#8211; S\u0131navlar &#8220;\u015feffaf ve denetlenebilir&#8221; olmas\u0131 \u015fart\u0131yla, dijital imk\u00e2nlar veya \u00f6dev, proje gibi alternatif y\u00f6ntemler uygulanarak yap\u0131lacak<\/p>\n<p style=\"text-align: justify;\">Y\u00d6K&#8217;\u00fcn \u00fcniversitelere g\u00f6nderdi\u011fi yaz\u0131da, \u015funlar kaydedildi:<\/p>\n<p style=\"text-align: justify;\">&#8220;Y\u00fcksek\u00f6\u011fretim Kurulu olarak b\u00fct\u00fcn bu s\u00fcre\u00e7lerde vurgu yapt\u0131\u011f\u0131m\u0131z dikkate al\u0131nmas\u0131 gereken iki hususun, s\u0131navlar\u0131n \u201c\u015feffaf ve denetlenebilir&#8221; olmas\u0131 ile \u00f6\u011frencilerin bedeni ve ruhi sa\u011fl\u0131klar\u0131n\u0131 dikkate alan, yani \u201c\u00f6\u011frenci merkezli&#8221; olmas\u0131 gerekti\u011fidir. Konunun hassasiyetine binaen, 11.05.2020 tarihli Y\u00fcksek\u00f6\u011fretim Y\u00fcr\u00fctme Kurulu toplant\u0131s\u0131nda, Sa\u011fl\u0131k Bakanl\u0131\u011f\u0131n\u0131n ilgi yaz\u0131s\u0131ndaki konuya ili\u015fkin talebi ve salg\u0131n s\u00fcreci de\u011ferlendirilmi\u015f olup; d\u00f6nem sonu s\u0131navlar\u0131 ile bu e\u011fitim ve \u00f6\u011fretim y\u0131l\u0131na ait di\u011fer s\u0131navlar\u0131n y\u00fcz y\u00fcze ger\u00e7ekle\u015ftirilmemesine, bu s\u0131navlar\u0131n \u00fcniversite yetkili kurullar\u0131nca tercih edilecek \u201cdijital imk\u00e2nlar&#8221; veya \u201c\u00f6dev, proje gibi alternatif y\u00f6ntemlerin uygulanarak&#8221; yap\u0131lmas\u0131na karar verilmi\u015ftir.&#8221;<\/p>\n","protected":false},"excerpt":{"rendered":"<p>Y\u00d6K&#8217;TEN \u00dcN\u0130VERS\u0130TELERDEK\u0130 SINAVLARIN Y\u00dcZ Y\u00dcZE GER\u00c7EKLE\u015eT\u0130R\u0130LMEYECE\u011e\u0130NE \u0130L\u0130\u015eK\u0130N KARAR\u200b 11 May\u0131s 2020 \/ Ankara Y\u00fcksek\u00f6\u011fretim Kurulunca (Y\u00d6K),&#8230;<\/p>\n","protected":false},"author":13,"featured_media":5511,"comment_status":"closed","ping_status":"closed","sticky":false,"template":"","format":"standard","meta":{"footnotes":""},"categories":[92,93],"tags":[],"class_list":["post-6166","post","type-post","status-publish","format-standard","has-post-thumbnail","hentry","category-akademik-personel-duyuru","category-ogrenci-duyuru"],"_links":{"self":[{"href":"https:\/\/eogrenme.ebyu.edu.tr\/index.php?rest_route=\/wp\/v2\/posts\/6166","targetHints":{"allow":["GET"]}}],"collection":[{"href":"https:\/\/eogrenme.ebyu.edu.tr\/index.php?rest_route=\/wp\/v2\/posts"}],"about":[{"href":"https:\/\/eogrenme.ebyu.edu.tr\/index.php?rest_route=\/wp\/v2\/types\/post"}],"author":[{"embeddable":true,"href":"https:\/\/eogrenme.ebyu.edu.tr\/index.php?rest_route=\/wp\/v2\/users\/13"}],"replies":[{"embeddable":true,"href":"https:\/\/eogrenme.ebyu.edu.tr\/index.php?rest_route=%2Fwp%2Fv2%2Fcomments&post=6166"}],"version-history":[{"count":1,"href":"https:\/\/eogrenme.ebyu.edu.tr\/index.php?rest_route=\/wp\/v2\/posts\/6166\/revisions"}],"predecessor-version":[{"id":6167,"href":"https:\/\/eogrenme.ebyu.edu.tr\/index.php?rest_route=\/wp\/v2\/posts\/6166\/revisions\/6167"}],"wp:featuredmedia":[{"embeddable":true,"href":"https:\/\/eogrenme.ebyu.edu.tr\/index.php?rest_route=\/wp\/v2\/media\/5511"}],"wp:attachment":[{"href":"https:\/\/eogrenme.ebyu.edu.tr\/index.php?rest_route=%2Fwp%2Fv2%2Fmedia&parent=6166"}],"wp:term":[{"taxonomy":"category","embeddable":true,"href":"https:\/\/eogrenme.ebyu.edu.tr\/index.php?rest_route=%2Fwp%2Fv2%2Fcategories&post=6166"},{"taxonomy":"post_tag","embeddable":true,"href":"https:\/\/eogrenme.ebyu.edu.tr\/index.php?rest_route=%2Fwp%2Fv2%2Ftags&post=6166"}],"curies":[{"name":"wp","href":"https:\/\/api.w.org\/{rel}","templated":true}]}}